{"id":2395,"date":"2022-06-26T20:03:38","date_gmt":"2022-06-26T18:03:38","guid":{"rendered":"http:\/\/www.coppateodori.org\/?p=2395"},"modified":"2023-05-16T12:11:44","modified_gmt":"2023-05-16T10:11:44","slug":"a-faggioli-gara1-della-61-coppa-teodori","status":"publish","type":"post","link":"https:\/\/www.coppateodori.org\/index.php\/2022\/06\/26\/a-faggioli-gara1-della-61-coppa-teodori\/","title":{"rendered":"A FAGGIOLI GARA1 DELLA 61^ COPPA TEODORI"},"content":{"rendered":"\n<p class=\"wp-block-paragraph\">Si \u00e8 conclusa dopo le ore 13 gara1 della Coppa Paolino Teodori. Assente Merli, \u00e8 stato Faggioli<br>il dominatore della prima salita, sul podio anche il ragusano Caruso ed il francese Petit.<br>Ascoli Piceno &#8211; Si \u00e8 conclusa gara1 della cronoscalata ascolana Coppa Paolino Teodori, valida per le<br>serie tricolori Acisport CIVM e TIVM e per la Coppa FIA internazionale della montagna. Diverse le<br>defezioni per motivi tecnici ed incidenti, registrati gi\u00e0 nella giornata di prove, dopo la quale il campione<br>europeo in carica Christian Merli (Osella-Zytek) ha deciso di non partire per la gara, insoddisfatto<br>dell\u2019introduzione di una variante nella parte alta introdotta per diminuire le velocit\u00e0 massime del tratto<br>pi\u00f9 veloce, da lui ritenuta inutile e pericolosa. Il pilota trentino, dispiaciuto per l\u2019organizzazione<br>ascolana da lui sempre apprezzata, d\u00e0 appuntamento agli appassionati alla Trento-Bondone di<br>domenica prossima, dove continuer\u00e0 a puntare per il titolo europeo. Al titolo italiano invece pensa<br>Faggioli, che sulla Norma-Zytek ha gi\u00e0 centrato la vittoria assoluta di gara1 salendo in 2\u201912\u201d30. Dietro<br>di lui il pilota ragusano Franco Caruso ed il francese Sebastien Petit, gi\u00e0 pi\u00f9 volte presente alla<br>cronoscalata picena nelle ultime edizioni internazionali. Positive anche le prestazioni dell\u2019abruzzese<br>Stefano Di Fulvio e del potentino Achille Lombardi. Acuti tra le GT per Lucio Peruggini (Ferrari 488<br>Challenge), tra le CN di Daniele Filippetti (Ligier Js 49\/51), tra le E1 Giuseppe Aragona (Volkswagen<br>Golf Mk7) e tra le Racing Start Cup Antonio Scappa (Hyundai I30). Gara2 \u00e8 partita alle ore 15. Lungo<br>il percorso, dopo il periodo della pandemia \u00e8 tornato il grande pubblico delle grandi occasioni, a<br>premiare il grande impegno organizzativo del Gruppo Sportivo AC Ascoli Piceno e dell\u2019Automobile<br>Club Ascoli Piceno-Fermo.<br>Classifica assoluta Gara1 &#8211; 61^ Coppa Paolino Teodori: 1\u00b0 Faggioli (Norma-Zytek) in 2\u201912\u201d30, 2\u00b0<br>Caruso (Norma-Zytek) 2\u201916\u201d91; 3\u00b0 Petit (Francia\/Nova Np01) 2\u201917\u201d40; 4\u00b0 Di Fulvio (Osella Pa30)<br>2\u201917\u201d96; 5\u00b0 Lombardi (Osella Pa2000) 2\u201919\u201d59.<br>ufficio stampa GS AC Ascoli Piceno &#8211; Giuseppe Saluzzi &#8211; tel. 3356175593 &#8211; 26 giugno 2022<br>http:\/\/www.gsacascoli.org http:\/\/www.coppateodori.org<\/p>\n","protected":false},"excerpt":{"rendered":"<p>Si \u00e8 conclusa dopo le ore 13 gara1 della Coppa Paolino Teodori. Assente Merli, \u00e8 stato Faggioliil dominatore della prima salita, sul podio anche il ragusano Caruso ed il francese Petit.Ascoli Piceno &#8211; Si \u00e8 conclusa gara1 della cronoscalata ascolana Coppa Paolino Teodori, valida per leserie tricolori Acisport CIVM e TIVM e per la Coppa [&hellip;]<\/p>\n","protected":false},"author":1,"featured_media":2396,"comment_status":"closed","ping_status":"open","sticky":false,"template":"","format":"standard","meta":{"_crdt_document":"","om_disable_all_campaigns":false,"_monsterinsights_skip_tracking":false,"_monsterinsights_sitenote_active":false,"_monsterinsights_sitenote_note":"","_monsterinsights_sitenote_category":0,"_uf_show_specific_survey":0,"_uf_disable_surveys":false,"ngg_post_thumbnail":0,"footnotes":""},"categories":[7],"tags":[],"class_list":["post-2395","post","type-post","status-publish","format-standard","has-post-thumbnail","hentry","category-news"],"_links":{"self":[{"href":"https:\/\/www.coppateodori.org\/index.php\/wp-json\/wp\/v2\/posts\/2395","targetHints":{"allow":["GET"]}}],"collection":[{"href":"https:\/\/www.coppateodori.org\/index.php\/wp-json\/wp\/v2\/posts"}],"about":[{"href":"https:\/\/www.coppateodori.org\/index.php\/wp-json\/wp\/v2\/types\/post"}],"author":[{"embeddable":true,"href":"https:\/\/www.coppateodori.org\/index.php\/wp-json\/wp\/v2\/users\/1"}],"replies":[{"embeddable":true,"href":"https:\/\/www.coppateodori.org\/index.php\/wp-json\/wp\/v2\/comments?post=2395"}],"version-history":[{"count":1,"href":"https:\/\/www.coppateodori.org\/index.php\/wp-json\/wp\/v2\/posts\/2395\/revisions"}],"predecessor-version":[{"id":2397,"href":"https:\/\/www.coppateodori.org\/index.php\/wp-json\/wp\/v2\/posts\/2395\/revisions\/2397"}],"wp:featuredmedia":[{"embeddable":true,"href":"https:\/\/www.coppateodori.org\/index.php\/wp-json\/wp\/v2\/media\/2396"}],"wp:attachment":[{"href":"https:\/\/www.coppateodori.org\/index.php\/wp-json\/wp\/v2\/media?parent=2395"}],"wp:term":[{"taxonomy":"category","embeddable":true,"href":"https:\/\/www.coppateodori.org\/index.php\/wp-json\/wp\/v2\/categories?post=2395"},{"taxonomy":"post_tag","embeddable":true,"href":"https:\/\/www.coppateodori.org\/index.php\/wp-json\/wp\/v2\/tags?post=2395"}],"curies":[{"name":"wp","href":"https:\/\/api.w.org\/{rel}","templated":true}]}}